{"id":766,"date":"2019-03-27T14:09:05","date_gmt":"2019-03-27T13:09:05","guid":{"rendered":"https:\/\/svt-dalaine.fr\/svt\/?p=766"},"modified":"2019-03-28T14:42:54","modified_gmt":"2019-03-28T13:42:54","slug":"programme-officiel-de-svt-rentree-2019-reforme-du-bac-2021","status":"publish","type":"post","link":"https:\/\/svt-dalaine.fr\/svt\/programme-officiel-de-svt-rentree-2019-reforme-du-bac-2021\/","title":{"rendered":"Programme officiel de SVT rentr\u00e9e 2019, r\u00e9forme du bac 2021"},"content":{"rendered":"","protected":false},"excerpt":{"rendered":"","protected":false},"author":1,"featured_media":0,"comment_status":"open","ping_status":"open","sticky":false,"template":"","format":"standard","meta":{"footnotes":""},"categories":[29],"tags":[],"class_list":["post-766","post","type-post","status-publish","format-standard","hentry","category-2nde_programme_2019"],"yoast_head":"<!-- This site is optimized with the Yoast SEO plugin v21.9.1 - https:\/\/yoast.com\/wordpress\/plugins\/seo\/ -->\n<title>Programme officiel de SVT rentr\u00e9e 2019, r\u00e9forme du bac 2021 - Bienvenue sur le site de Sciences de la Vie et de la Terre<\/title>\n<meta name=\"description\" content=\"Bienvenue sur le site de Sciences de la Vie et de la Terre Programme officiel de SVT rentr\u00e9e 2019, r\u00e9forme du bac 2021 2nde\" \/>\n<meta name=\"robots\" content=\"index, follow, max-snippet:-1, max-image-preview:large, max-video-preview:-1\" \/>\n<link rel=\"canonical\" href=\"https:\/\/svt-dalaine.fr\/svt\/programme-officiel-de-svt-rentree-2019-reforme-du-bac-2021\/\" \/>\n<meta property=\"og:locale\" content=\"fr_FR\" \/>\n<meta property=\"og:type\" content=\"article\" \/>\n<meta property=\"og:title\" content=\"Programme officiel de SVT rentr\u00e9e 2019, r\u00e9forme du bac 2021 - Bienvenue sur le site de Sciences de la Vie et de la Terre\" \/>\n<meta property=\"og:description\" content=\"Bienvenue sur le site de Sciences de la Vie et de la Terre Programme officiel de SVT rentr\u00e9e 2019, r\u00e9forme du bac 2021 2nde\" \/>\n<meta property=\"og:url\" content=\"https:\/\/svt-dalaine.fr\/svt\/programme-officiel-de-svt-rentree-2019-reforme-du-bac-2021\/\" \/>\n<meta property=\"og:site_name\" content=\"Bienvenue sur le site de Sciences de la Vie et de la Terre\" \/>\n<meta property=\"article:published_time\" content=\"2019-03-27T13:09:05+00:00\" \/>\n<meta property=\"article:modified_time\" content=\"2019-03-28T13:42:54+00:00\" \/>\n<meta name=\"author\" content=\"admin\" \/>\n<meta name=\"twitter:card\" content=\"summary_large_image\" \/>\n<meta name=\"twitter:label1\" content=\"\u00c9crit par\" \/>\n\t<meta name=\"twitter:data1\" content=\"admin\" \/>\n<script type=\"application\/ld+json\" class=\"yoast-schema-graph\">{\"@context\":\"https:\/\/schema.org\",\"@graph\":[{\"@type\":\"WebPage\",\"@id\":\"https:\/\/svt-dalaine.fr\/svt\/programme-officiel-de-svt-rentree-2019-reforme-du-bac-2021\/\",\"url\":\"https:\/\/svt-dalaine.fr\/svt\/programme-officiel-de-svt-rentree-2019-reforme-du-bac-2021\/\",\"name\":\"Programme officiel de SVT rentr\u00e9e 2019, r\u00e9forme du bac 2021 - Bienvenue sur le site de Sciences de la Vie et de la Terre\",\"isPartOf\":{\"@id\":\"https:\/\/svt-dalaine.fr\/svt\/#website\"},\"datePublished\":\"2019-03-27T13:09:05+00:00\",\"dateModified\":\"2019-03-28T13:42:54+00:00\",\"author\":{\"@id\":\"https:\/\/svt-dalaine.fr\/svt\/#\/schema\/person\/2d38bbd4acf1f2f2232698ba1bc15df9\"},\"description\":\"Bienvenue sur le site de Sciences de la Vie et de la Terre Programme officiel de SVT rentr\u00e9e 2019, r\u00e9forme du bac 2021 2nde\",\"breadcrumb\":{\"@id\":\"https:\/\/svt-dalaine.fr\/svt\/programme-officiel-de-svt-rentree-2019-reforme-du-bac-2021\/#breadcrumb\"},\"inLanguage\":\"fr-FR\",\"potentialAction\":[{\"@type\":\"ReadAction\",\"target\":[\"https:\/\/svt-dalaine.fr\/svt\/programme-officiel-de-svt-rentree-2019-reforme-du-bac-2021\/\"]}]},{\"@type\":\"BreadcrumbList\",\"@id\":\"https:\/\/svt-dalaine.fr\/svt\/programme-officiel-de-svt-rentree-2019-reforme-du-bac-2021\/#breadcrumb\",\"itemListElement\":[{\"@type\":\"ListItem\",\"position\":1,\"name\":\"Accueil\",\"item\":\"https:\/\/svt-dalaine.fr\/svt\/\"},{\"@type\":\"ListItem\",\"position\":2,\"name\":\"Programme officiel de SVT rentr\u00e9e 2019, r\u00e9forme du bac 2021\"}]},{\"@type\":\"WebSite\",\"@id\":\"https:\/\/svt-dalaine.fr\/svt\/#website\",\"url\":\"https:\/\/svt-dalaine.fr\/svt\/\",\"name\":\"Bienvenue sur le site de Sciences de la Vie et de la Terre\",\"description\":\"Ressources en SVT de St\u00e9phanie Dalaine, professeure agr\u00e9g\u00e9e exer\u00e7ant en BCPST1 ENCPB\",\"potentialAction\":[{\"@type\":\"SearchAction\",\"target\":{\"@type\":\"EntryPoint\",\"urlTemplate\":\"https:\/\/svt-dalaine.fr\/svt\/?s={search_term_string}\"},\"query-input\":\"required name=search_term_string\"}],\"inLanguage\":\"fr-FR\"},{\"@type\":\"Person\",\"@id\":\"https:\/\/svt-dalaine.fr\/svt\/#\/schema\/person\/2d38bbd4acf1f2f2232698ba1bc15df9\",\"name\":\"admin\",\"image\":{\"@type\":\"ImageObject\",\"inLanguage\":\"fr-FR\",\"@id\":\"https:\/\/svt-dalaine.fr\/svt\/#\/schema\/person\/image\/\",\"url\":\"https:\/\/secure.gravatar.com\/avatar\/1b50fe7f928d7df6b264c522a180bea17f8ee1767365fc9673e630b29d35fe1a?s=96&d=mm&r=g\",\"contentUrl\":\"https:\/\/secure.gravatar.com\/avatar\/1b50fe7f928d7df6b264c522a180bea17f8ee1767365fc9673e630b29d35fe1a?s=96&d=mm&r=g\",\"caption\":\"admin\"}}]}<\/script>\n<!-- \/ Yoast SEO plugin. -->","yoast_head_json":{"title":"Programme officiel de SVT rentr\u00e9e 2019, r\u00e9forme du bac 2021 - Bienvenue sur le site de Sciences de la Vie et de la Terre","description":"Bienvenue sur le site de Sciences de la Vie et de la Terre Programme officiel de SVT rentr\u00e9e 2019, r\u00e9forme du bac 2021 2nde","robots":{"index":"index","follow":"follow","max-snippet":"max-snippet:-1","max-image-preview":"max-image-preview:large","max-video-preview":"max-video-preview:-1"},"canonical":"https:\/\/svt-dalaine.fr\/svt\/programme-officiel-de-svt-rentree-2019-reforme-du-bac-2021\/","og_locale":"fr_FR","og_type":"article","og_title":"Programme officiel de SVT rentr\u00e9e 2019, r\u00e9forme du bac 2021 - Bienvenue sur le site de Sciences de la Vie et de la Terre","og_description":"Bienvenue sur le site de Sciences de la Vie et de la Terre Programme officiel de SVT rentr\u00e9e 2019, r\u00e9forme du bac 2021 2nde","og_url":"https:\/\/svt-dalaine.fr\/svt\/programme-officiel-de-svt-rentree-2019-reforme-du-bac-2021\/","og_site_name":"Bienvenue sur le site de Sciences de la Vie et de la Terre","article_published_time":"2019-03-27T13:09:05+00:00","article_modified_time":"2019-03-28T13:42:54+00:00","author":"admin","twitter_card":"summary_large_image","twitter_misc":{"\u00c9crit par":"admin"},"schema":{"@context":"https:\/\/schema.org","@graph":[{"@type":"WebPage","@id":"https:\/\/svt-dalaine.fr\/svt\/programme-officiel-de-svt-rentree-2019-reforme-du-bac-2021\/","url":"https:\/\/svt-dalaine.fr\/svt\/programme-officiel-de-svt-rentree-2019-reforme-du-bac-2021\/","name":"Programme officiel de SVT rentr\u00e9e 2019, r\u00e9forme du bac 2021 - Bienvenue sur le site de Sciences de la Vie et de la Terre","isPartOf":{"@id":"https:\/\/svt-dalaine.fr\/svt\/#website"},"datePublished":"2019-03-27T13:09:05+00:00","dateModified":"2019-03-28T13:42:54+00:00","author":{"@id":"https:\/\/svt-dalaine.fr\/svt\/#\/schema\/person\/2d38bbd4acf1f2f2232698ba1bc15df9"},"description":"Bienvenue sur le site de Sciences de la Vie et de la Terre Programme officiel de SVT rentr\u00e9e 2019, r\u00e9forme du bac 2021 2nde","breadcrumb":{"@id":"https:\/\/svt-dalaine.fr\/svt\/programme-officiel-de-svt-rentree-2019-reforme-du-bac-2021\/#breadcrumb"},"inLanguage":"fr-FR","potentialAction":[{"@type":"ReadAction","target":["https:\/\/svt-dalaine.fr\/svt\/programme-officiel-de-svt-rentree-2019-reforme-du-bac-2021\/"]}]},{"@type":"BreadcrumbList","@id":"https:\/\/svt-dalaine.fr\/svt\/programme-officiel-de-svt-rentree-2019-reforme-du-bac-2021\/#breadcrumb","itemListElement":[{"@type":"ListItem","position":1,"name":"Accueil","item":"https:\/\/svt-dalaine.fr\/svt\/"},{"@type":"ListItem","position":2,"name":"Programme officiel de SVT rentr\u00e9e 2019, r\u00e9forme du bac 2021"}]},{"@type":"WebSite","@id":"https:\/\/svt-dalaine.fr\/svt\/#website","url":"https:\/\/svt-dalaine.fr\/svt\/","name":"Bienvenue sur le site de Sciences de la Vie et de la Terre","description":"Ressources en SVT de St\u00e9phanie Dalaine, professeure agr\u00e9g\u00e9e exer\u00e7ant en BCPST1 ENCPB","potentialAction":[{"@type":"SearchAction","target":{"@type":"EntryPoint","urlTemplate":"https:\/\/svt-dalaine.fr\/svt\/?s={search_term_string}"},"query-input":"required name=search_term_string"}],"inLanguage":"fr-FR"},{"@type":"Person","@id":"https:\/\/svt-dalaine.fr\/svt\/#\/schema\/person\/2d38bbd4acf1f2f2232698ba1bc15df9","name":"admin","image":{"@type":"ImageObject","inLanguage":"fr-FR","@id":"https:\/\/svt-dalaine.fr\/svt\/#\/schema\/person\/image\/","url":"https:\/\/secure.gravatar.com\/avatar\/1b50fe7f928d7df6b264c522a180bea17f8ee1767365fc9673e630b29d35fe1a?s=96&d=mm&r=g","contentUrl":"https:\/\/secure.gravatar.com\/avatar\/1b50fe7f928d7df6b264c522a180bea17f8ee1767365fc9673e630b29d35fe1a?s=96&d=mm&r=g","caption":"admin"}}]}},"_links":{"self":[{"href":"https:\/\/svt-dalaine.fr\/svt\/wp-json\/wp\/v2\/posts\/766","targetHints":{"allow":["GET"]}}],"collection":[{"href":"https:\/\/svt-dalaine.fr\/svt\/wp-json\/wp\/v2\/posts"}],"about":[{"href":"https:\/\/svt-dalaine.fr\/svt\/wp-json\/wp\/v2\/types\/post"}],"author":[{"embeddable":true,"href":"https:\/\/svt-dalaine.fr\/svt\/wp-json\/wp\/v2\/users\/1"}],"replies":[{"embeddable":true,"href":"https:\/\/svt-dalaine.fr\/svt\/wp-json\/wp\/v2\/comments?post=766"}],"version-history":[{"count":1,"href":"https:\/\/svt-dalaine.fr\/svt\/wp-json\/wp\/v2\/posts\/766\/revisions"}],"predecessor-version":[{"id":767,"href":"https:\/\/svt-dalaine.fr\/svt\/wp-json\/wp\/v2\/posts\/766\/revisions\/767"}],"wp:attachment":[{"href":"https:\/\/svt-dalaine.fr\/svt\/wp-json\/wp\/v2\/media?parent=766"}],"wp:term":[{"taxonomy":"category","embeddable":true,"href":"https:\/\/svt-dalaine.fr\/svt\/wp-json\/wp\/v2\/categories?post=766"},{"taxonomy":"post_tag","embeddable":true,"href":"https:\/\/svt-dalaine.fr\/svt\/wp-json\/wp\/v2\/tags?post=766"}],"curies":[{"name":"wp","href":"https:\/\/api.w.org\/{rel}","templated":true}]}}